{"id":6098,"date":"2024-05-20T10:16:30","date_gmt":"2024-05-20T07:16:30","guid":{"rendered":"https:\/\/reedact.com\/job-application-process-how-to-make-it-easier\/"},"modified":"2024-11-08T13:58:15","modified_gmt":"2024-11-08T11:58:15","slug":"procesul-de-recrutare-si-selectie","status":"publish","type":"post","link":"https:\/\/reedact.com\/ro\/angajare\/procesul-de-recrutare-si-selectie\/","title":{"rendered":"Recrutare \u0219i selec\u021bie: Pa\u0219i de urmat pentru o abordare u\u0219oar\u0103"},"content":{"rendered":"<p>Pe parcursul c\u0103ut\u0103rii unui loc de munc\u0103, ai observat probabil c\u0103 diferite organiza\u021bii solicit\u0103 diverse detalii \u00een <strong>procesul de recrutare \u0219i selec\u021bie<\/strong>. Cererile de angajare pot p\u0103rea mai dificile dec\u00e2t sunt \u00een realitate. Cel mai important este s\u0103 cite\u0219ti cu aten\u021bie anun\u021bul de angajare, deoarece acesta \u00ee\u021bi va ar\u0103ta cum s\u0103 ob\u021bii postul. Haide s\u0103 analiz\u0103m mai \u00eendeaproape cum po\u021bi face acest lucru! <span class=\"x19la9d6 x1fc57z9 x6ikm8r x10wlt62 x19co3pv x1g5zs5t xfibh0p xiy17q3 x1xsqp64 x1lkfr7t xexx8yu x4uap5 x18d9i69 xkhd6sd\"><span class=\"xrtxmta x1bhl96m\">\ud83d\udc47<\/span><\/span><\/p>\n<p><a href=\"#analizeaza-cv\">Ce este parsarea CV-ului?<\/a><br \/>\n<a href=\"#scrisoare-intentie\">De ce este important\u0103 scrisoarea de inten\u021bie \u00eentr-o cerere de angajare?<\/a><br \/>\n<a href=\"#campuri-obligatorii\">Cerin\u021be de baz\u0103 \u00een procesul de recrutare \u0219i selec\u021bie<\/a><br \/>\n<a href=\"#teste-de-angajare\">Evit\u0103 stresul cu privire la teste de angajare<\/a><br \/>\n<a href=\"#iesi-in-evidenta\">Sfaturi pentru recrutare: ie\u0219i \u00een eviden\u021b\u0103!<\/a><\/p>\n<p><!--more--><\/p>\n<p>Oric\u00e2t de mult ne-ar pl\u0103cea s\u0103 trecem doar prin procese rapide de aplicare la un job, realitatea este c\u0103 multe organiza\u021bii, \u00een special cele multina\u021bionale, dispun de un sistem global de urm\u0103rire a solicitan\u021bilor (ATS).<\/p>\n<p>Acest lucru necesit\u0103 crearea unui cont \u0219i completarea numeroaselor c\u00e2mpuri. Un <a href=\"https:\/\/www.glassdoor.com\/employers\/blog\/5-keys-driving-candidate-experience\/\" target=\"_blank\" rel=\"noopener\">studiu realizat de Glassdoor<\/a> arat\u0103 o rat\u0103 de abandon de 80% atunci c\u00e2nd vine vorba de completarea unei cereri de angajare. De ce? Companiile \u0219i recrutorii \u00ee\u0219i dau seama c\u0103 cerin\u021bele pot fi frustrante \u0219i enervante pentru candida\u021bi. Cu toate acestea, din cauza constr\u00e2ngerilor sistemului, nu pot face nimic. Astfel, data viitoare c\u00e2nd treci prin procesul de recrutare \u0219i selec\u021bie, \u021bine cont de urm\u0103toarele sfaturi <a name=\"analizeaza-cv\"><\/a>care sper\u0103m c\u0103 \u00ee\u021bi vor face experien\u021ba pozitiv\u0103.<\/p>\n<h2 style=\"text-align: left;\">Ce este parsarea CV-ului?<\/h2>\n<p>Parsarea CV-ului este un proces tehnologic utilizat \u00een recrutare pentru a extrage automat informa\u021bii relevante din acestea. Aceast\u0103 metod\u0103 utilizeaz\u0103 un software specializat pentru a analiza \u0219i a converti datele nestructurate ale CV-urilor \u00eentr-un format structurat, u\u0219or de c\u0103utat \u0219i de comparat. Prin identificarea detaliilor cheie, cum ar fi calific\u0103rile educa\u021bionale, experien\u021ba de munc\u0103, competen\u021bele \u0219i informa\u021biile de contact, parsarea CV-urilor \u00eei ajut\u0103 pe recrutori s\u0103 sorteze \u0219i s\u0103 prioritizeze \u00een mod eficient candida\u021bii, acceler\u00e2nd semnificativ etapele ini\u021biale ale <a href=\"https:\/\/reedact.com\/ro\/procesul-de-angajare\/\">procesului de angajare<\/a>.<\/p>\n<p><img loading=\"lazy\" decoding=\"async\" class=\"alignnone wp-image-11786 size-full\" src=\"https:\/\/reedact.com\/wp-content\/uploads\/2021\/01\/sfat-pentru-recrutare-si-selectie-personal.webp\" alt=\"sfat pentru recrutare si selectie personal\" width=\"1200\" height=\"359\" srcset=\"https:\/\/reedact.com\/wp-content\/uploads\/2021\/01\/sfat-pentru-recrutare-si-selectie-personal.webp 1200w, https:\/\/reedact.com\/wp-content\/uploads\/2021\/01\/sfat-pentru-recrutare-si-selectie-personal-300x90.webp 300w, https:\/\/reedact.com\/wp-content\/uploads\/2021\/01\/sfat-pentru-recrutare-si-selectie-personal-1024x306.webp 1024w, https:\/\/reedact.com\/wp-content\/uploads\/2021\/01\/sfat-pentru-recrutare-si-selectie-personal-600x180.webp 600w, https:\/\/reedact.com\/wp-content\/uploads\/2021\/01\/sfat-pentru-recrutare-si-selectie-personal-500x150.webp 500w, https:\/\/reedact.com\/wp-content\/uploads\/2021\/01\/sfat-pentru-recrutare-si-selectie-personal-100x30.webp 100w, https:\/\/reedact.com\/wp-content\/uploads\/2021\/01\/sfat-pentru-recrutare-si-selectie-personal-55x16.webp 55w, https:\/\/reedact.com\/wp-content\/uploads\/2021\/01\/sfat-pentru-recrutare-si-selectie-personal-150x45.webp 150w, https:\/\/reedact.com\/wp-content\/uploads\/2021\/01\/sfat-pentru-recrutare-si-selectie-personal-200x60.webp 200w, https:\/\/reedact.com\/wp-content\/uploads\/2021\/01\/sfat-pentru-recrutare-si-selectie-personal-185x55.webp 185w, https:\/\/reedact.com\/wp-content\/uploads\/2021\/01\/sfat-pentru-recrutare-si-selectie-personal-800x239.webp 800w\" sizes=\"(max-width: 1200px) 100vw, 1200px\" \/><\/p>\n<p>Ori de c\u00e2te ori este posibil, \u00eencepe cererea de angajare prin \u00eenc\u0103rcarea CV-ului t\u0103u. Sistemul de urm\u0103rire a candida\u021bilor ar trebui s\u0103 completeze automat o <a name=\"scrisoare-intentie\"><\/a>serie de c\u00e2mpuri, pe baza informa\u021biilor din acesta.<\/p>\n<h2 style=\"text-align: left;\">De ce este important\u0103 scrisoarea de inten\u021bie \u00eentr-o cerere de angajare?<\/h2>\n<p>Unul dintre pa\u0219ii pentru a ob\u021bine un loc de munc\u0103 este, pe l\u00e2ng\u0103 prezentarea CV-ului, s\u0103 ai o scrisoare de inten\u021bie care s\u0103 ias\u0103 cu adev\u0103rat \u00een eviden\u021b\u0103. O scrisoare de inten\u021bie bine scris\u0103 reprezint\u0103 o oportunitate de a impresiona prin faptul c\u0103 \u00ee\u021bi ar\u0103\u021bi interesul, entuziasmul \u0219i cuno\u0219tin\u021bele. De aceea, te \u00eencuraj\u0103m s\u0103 construie\u0219ti o scrisoare de inten\u021bie \u0219i s\u0103 o personalizezi pentru fiecare rol pentru care candidezi.<\/p>\n<div class=\"message-box\" style=\"background: linear-gradient(to top, #ffcc33, #ffffff); padding: 20px; border-radius: 10px; position: relative;\">\n<div class=\"envelope-border\" style=\"position: relative; border: none;\">\n<div class=\"intro-text\" style=\"border: none;\">\n<p style=\"font-size: 18px; color: #2c4652; margin-bottom: 10px;\">Sper\u0103m c\u0103 articolul nostru \u00ee\u021bi este de ajutor! La REEDACT, suntem specializa\u021bi \u00een crearea unui <strong>CV razor-sharp<\/strong>, \u00eentr-o singur\u0103 pagin\u0103.<\/p>\n<p style=\"font-size: 18px; color: #2c4652; border: none;\"><strong>\u00cencearc\u0103 gratuit<\/strong> platforma noastr\u0103 sau programeaz\u0103 un apel cu noi, pentru sfaturi personalizate!<\/p>\n<\/div>\n<\/div>\n<div class=\"call-to-action\" style=\"text-align: center; display: flex; justify-content: space-between; margin-top: 20px;\"><a class=\"cta-button\" style=\"display: inline-block; flex: 1; padding: 10px 20px; background-color: #2c4652; color: #ffcc33; text-decoration: none; font-size: 16px; border-radius: 5px; border: 1px solid #2c4652; transition: background-color 0.3s; margin-right: 10px; text-transform: uppercase; font-weight: bold;\" href=\"https:\/\/reedact.com\/app\/dashboard\/signup\" rel=\"noopener\">\u00ceNCEPE AICI<\/a><br \/>\n<a class=\"cta-button\" style=\"display: inline-block; flex: 1; padding: 10px 20px; background-color: #2c4652; color: #ffcc33; text-decoration: none; font-size: 16px; border-radius: 5px; border: 1px solid #2c4652; transition: background-color 0.3s; text-transform: uppercase; font-weight: bold;\" href=\"https:\/\/calendly.com\/reedact\/coaching\" target=\"_blank\" rel=\"noopener\">PROGRAMEAZ\u0102 UN APEL<\/a><\/div>\n<div class=\"envelope-flap\" style=\"position: absolute; bottom: -10px; left: 50%; width: 20px; height: 20px; margin-left: -10px; background-color: #ffcc33; border: 1px solid #ddd; border-width: 1px 0; border-radius: 50%;\"><\/div>\n<\/div>\n<p>&nbsp;<\/p>\n<p>Iat\u0103 trei motive pentru a-\u021bi personaliza scrisoarea de inten\u021bie, \u00een func\u021bie de rolul pentru care aplici:<\/p>\n<ul>\n<li><strong>Introducere personalizat\u0103<\/strong>: Atunci c\u00e2nd \u00eenve\u021bi <a href=\"https:\/\/reedact.com\/ro\/angajare\/cum-citim-un-anunt-de-angajare\/\">cum s\u0103 cite\u0219ti un anun\u021b de angajare<\/a>, este important s\u0103 recuno\u0219ti valoarea unei introduceri personalizate \u00een candidatura ta. Aceast\u0103 abordare demonstreaz\u0103 c\u0103 \u021bi-ai dedicat timp pentru a cerceta compania. Personalizarea candidaturii demonstreaz\u0103 angajamentul \u0219i aten\u021bia la detalii.<\/li>\n<li><strong>Eviden\u021biaz\u0103 calific\u0103rile relevante<\/strong>: Concentr\u00e2ndu-te pe calific\u0103rile relevante, po\u021bi eviden\u021bia \u00een mod eficient modul \u00een care po\u021bi ad\u0103uga valoare companiei \u0219i contribui la succesul acesteia.<\/li>\n<li><strong>Ie\u0219i \u00een eviden\u021b\u0103 fa\u021b\u0103 de concuren\u021b\u0103<\/strong>: Arat\u0103 c\u0103 \u021bi-ai acordat timp \u0219i efort pentru a-\u021bi adapta candidatura la nevoile specifice <a name=\"campuri-obligatorii\"><\/a>ale companiei, ceea ce te va face un candidat memorabil.<\/li>\n<\/ul>\n<h2 style=\"text-align: left;\">Cerin\u021be de baz\u0103 \u00een procesul de recrutare \u0219i selec\u021bie<\/h2>\n<p>Se \u00eent\u00e2mpl\u0103 frecvent ca, datorit\u0103 felului \u00een care sistemul este construit, o organiza\u021bie s\u0103 nu poat\u0103 elimina c\u00e2mpurile din procesul de aplicare. Cu toate acestea, ei pot face ca unele c\u00e2mpuri s\u0103 fie op\u021bionale. Acest lucru arat\u0103 c\u0103 firma dore\u0219te s\u0103 \u00eembun\u0103t\u0103\u021beasc\u0103 experien\u021ba candidatului. Prin urmare, dac\u0103 observi c\u00e2mpuri op\u021bionale atunci c\u00e2nd aplici pentru un loc de munc\u0103, nu \u00ee\u021bi face griji, \u0219i nu ezita s\u0103 omi\u021bi completarea informa\u021biilor care nu sunt necesare. \ud83d\ude09<\/p>\n<p><img loading=\"lazy\" decoding=\"async\" class=\"alignnone wp-image-11792 size-full\" src=\"https:\/\/reedact.com\/wp-content\/uploads\/2021\/01\/ochelari-recrutare-si-selectie.webp\" alt=\"ochelari recrutare si selectie\" width=\"1200\" height=\"360\" srcset=\"https:\/\/reedact.com\/wp-content\/uploads\/2021\/01\/ochelari-recrutare-si-selectie.webp 1200w, https:\/\/reedact.com\/wp-content\/uploads\/2021\/01\/ochelari-recrutare-si-selectie-300x90.webp 300w, https:\/\/reedact.com\/wp-content\/uploads\/2021\/01\/ochelari-recrutare-si-selectie-1024x307.webp 1024w, https:\/\/reedact.com\/wp-content\/uploads\/2021\/01\/ochelari-recrutare-si-selectie-600x180.webp 600w, https:\/\/reedact.com\/wp-content\/uploads\/2021\/01\/ochelari-recrutare-si-selectie-500x150.webp 500w, https:\/\/reedact.com\/wp-content\/uploads\/2021\/01\/ochelari-recrutare-si-selectie-100x30.webp 100w, https:\/\/reedact.com\/wp-content\/uploads\/2021\/01\/ochelari-recrutare-si-selectie-55x17.webp 55w, https:\/\/reedact.com\/wp-content\/uploads\/2021\/01\/ochelari-recrutare-si-selectie-150x45.webp 150w, https:\/\/reedact.com\/wp-content\/uploads\/2021\/01\/ochelari-recrutare-si-selectie-200x60.webp 200w, https:\/\/reedact.com\/wp-content\/uploads\/2021\/01\/ochelari-recrutare-si-selectie-185x56.webp 185w, https:\/\/reedact.com\/wp-content\/uploads\/2021\/01\/ochelari-recrutare-si-selectie-800x240.webp 800w\" sizes=\"(max-width: 1200px) 100vw, 1200px\" \/><\/p>\n<p>Consider\u0103-\u021bi CV-ul ca fiind documentul de baz\u0103 pe care trebuie s\u0103 \u00eel \u00eemp\u0103rt\u0103\u0219e\u0219ti cu compania angajatoare. Atunci c\u00e2nd \u00eenve\u021bi <a href=\"https:\/\/reedact.com\/ro\/angajare\/interviu-online\/\">cum s\u0103 te preg\u0103te\u0219ti pentru un interviu<\/a>, fie el fa\u021b\u0103 \u00een fa\u021b\u0103 sau online, trateaz\u0103 CV-ul ca pe documentul fundamental pe care \u00eel vei prezenta companiei angajatoare.<\/p>\n<p>De ce? Pentru c\u0103 este, de obicei, primul document pe care \u00eel examineaz\u0103 un recrutor! \ud83d\ude0a<\/p>\n<p>\u00cen func\u021bie de organiza\u021bia pentru care candidezi, sau chiar dac\u0103 apelezi la serviciile unui <a href=\"https:\/\/www.cristinaprofeanu.ro\/\" target=\"_blank\" rel=\"noopener\">consultant \u00een recrutare<\/a>, s-ar putea s\u0103 \u021bi se cear\u0103 \u0219i documente suplimentare. Aceste documente pot fi:<\/p>\n<ul>\n<li>Scrisoare de inten\u021bie.<\/li>\n<li>Referin\u021be scrise.<\/li>\n<li>Alte diplome\/certificate utile \u00een procesul de recrutare \u0219i selec\u021bie.<\/li>\n<\/ul>\n<p>A\u0219adar, \u00eenainte de a \u00eencepe s\u0103 lucrezi la cererea de angajare, asigur\u0103-te c\u0103 <a name=\"teste-de-angajare\"><\/a>ai preg\u0103tite toate copiile documentelor solicitate.<\/p>\n<h2 style=\"text-align: left;\">Evit\u0103 stresul cu privire la teste de angajare<\/h2>\n<p>Al\u0103turi de alte <a href=\"https:\/\/reedact.com\/ro\/angajare\/procesul-de-selectie\/\">proceduri de selec\u021bie<\/a>, companiile folosesc uneori teste de pre-angajare pentru a selecta candida\u021bii. Acestea includ teste de evaluare a abilit\u0103\u021bilor, teste de personalitate sau cognitive. Acest lucru se datoreaz\u0103 faptului c\u0103 at\u00e2t organiza\u021bia c\u00e2t \u0219i candidatul, vor s\u0103-\u0219i dea seama dac\u0103 se potrivesc. Atunci c\u00e2nd astfel de teste sunt necesare, fie online, fie offline, echipeaz\u0103-te cu \u00eencredere. Nu sunt at\u00e2t de grele pe c\u00e2t par.<\/p>\n<p>Iat\u0103 trei motive pentru care este important s\u0103 nu te stresezi \u00een leg\u0103tur\u0103 cu astfel de teste:<\/p>\n<ol>\n<li><strong>Performan\u021b\u0103 mai bun\u0103<\/strong>: Evit\u00e2nd stresul excesiv, \u00ee\u021bi po\u021bi men\u021bine o mai bun\u0103 concentrare, ceea ce \u00ee\u021bi cre\u0219te \u0219ansele de a ob\u021bine rezultate de succes. C\u00e2nd e\u0219ti relaxat, g\u00e2nde\u0219ti mai clar \u0219i reac\u021bionezi mai rapid la \u00eentreb\u0103ri \u0219i provoc\u0103ri.<\/li>\n<li><strong>\u00cembun\u0103t\u0103\u021birea \u00eencrederii<\/strong>: A avea o mentalitate pozitiv\u0103 \u0219i \u00eencrez\u0103toare \u00ee\u021bi permite s\u0103 abordezi testele cu mai mult\u0103 siguran\u021b\u0103 de sine, \u0219i \u00eencredere \u00een abilit\u0103\u021bile tale. Aceasta poate avea un impact semnificativ asupra modului \u00een care \u00ee\u021bi prezin\u021bi cuno\u0219tin\u021bele \u0219i competen\u021bele.<\/li>\n<li><strong>O g\u00e2ndire mai clar\u0103<\/strong>: Men\u021bin\u00e2nd o mentalitate calm\u0103 \u0219i concentrat\u0103, po\u021bi aborda testele cu mintea limpede, ceea ce \u00ee\u021bi cre\u0219te \u0219ansele de a r\u0103spunde corect \u0219i eficient la \u00eentreb\u0103ri. O minte limpede \u00ee\u021bi permite s\u0103 vezi solu\u021biile mai rapid \u0219i s\u0103 evi\u021bi gre\u0219elile cauzate de anxietate.<\/li>\n<\/ol>\n<p>\u00cen concluzie, de\u0219i testele de pre-angajare pot p\u0103rea descurajatoare, este important s\u0103 le abordezi cu calm \u0219i preg\u0103tire. \u00cen\u021beleg\u00e2nd scopul acestor evalu\u0103ri \u0219i exers\u00e2nd \u00een prealabil, po\u021bi reduce semnificativ nivelul de stres. Aceste teste sunt doar o component\u0103 a procesului de recrutare \u0219i selec\u021bie. Ele sunt concepute pentru a evalua c\u00e2t de bine corespund abilit\u0103\u021bile \u0219i personalitatea ta cu cerin\u021bele postului. Concentreaz\u0103-te pe demonstrarea abilit\u0103\u021bilor tale cu \u00eencredere, \u0219i prive\u0219te fiecare test ca pe o oportunitate de <a name=\"iesi-in-evidenta\"><\/a>a-\u021bi prezenta poten\u021bialul \u00een fa\u021ba poten\u021bialilor angajatori.<\/p>\n<h2 style=\"text-align: left;\">Sfaturi pentru a ie\u0219i \u00een eviden\u021b\u0103 \u00een procesul de recrutare \u0219i selec\u021bie<\/h2>\n<p>Un secret pentru a te face u\u0219or de remarcat\/\u0103 de c\u0103tre angajatori este \u00eemp\u0103rt\u0103\u0219irea cuno\u0219tin\u021belor unice. Pentru a face acest lucru, va trebui s\u0103 cercetezi organiza\u021bia, istoria, valorile \u0219i persoanele care te intervieveaz\u0103. Poate descoperi c\u0103 ai fost la aceea\u0219i facultate cu poten\u021bialul t\u0103u lider de echip\u0103. Poate c\u0103 unul dintre viitorii t\u0103i colegi este un profesionist premiat. Av\u00e2nd aceste cuno\u0219tin\u021be unice \u00een m\u00e2nec\u0103, vei ie\u0219i \u00een eviden\u021b\u0103 mult mai u\u0219or! <span class=\"x19la9d6 x1fc57z9 x6ikm8r x10wlt62 x19co3pv x1g5zs5t xfibh0p xiy17q3 x1xsqp64 x1lkfr7t xexx8yu x4uap5 x18d9i69 xkhd6sd\"><span class=\"xrtxmta x1bhl96m\">\ud83d\ude09<\/span><\/span><\/p>\n<p><img loading=\"lazy\" decoding=\"async\" class=\"alignnone wp-image-11798 size-full\" src=\"https:\/\/reedact.com\/wp-content\/uploads\/2021\/01\/sfaturi-pentru-recrutare-si-selectie-cum-sa-iesi-in-fata.webp\" alt=\"sfaturi pentru recrutare si selectie cum sa iesi in fata\" width=\"1199\" height=\"360\" srcset=\"https:\/\/reedact.com\/wp-content\/uploads\/2021\/01\/sfaturi-pentru-recrutare-si-selectie-cum-sa-iesi-in-fata.webp 1199w, https:\/\/reedact.com\/wp-content\/uploads\/2021\/01\/sfaturi-pentru-recrutare-si-selectie-cum-sa-iesi-in-fata-300x90.webp 300w, https:\/\/reedact.com\/wp-content\/uploads\/2021\/01\/sfaturi-pentru-recrutare-si-selectie-cum-sa-iesi-in-fata-1024x307.webp 1024w, https:\/\/reedact.com\/wp-content\/uploads\/2021\/01\/sfaturi-pentru-recrutare-si-selectie-cum-sa-iesi-in-fata-600x180.webp 600w, https:\/\/reedact.com\/wp-content\/uploads\/2021\/01\/sfaturi-pentru-recrutare-si-selectie-cum-sa-iesi-in-fata-500x150.webp 500w, https:\/\/reedact.com\/wp-content\/uploads\/2021\/01\/sfaturi-pentru-recrutare-si-selectie-cum-sa-iesi-in-fata-100x30.webp 100w, https:\/\/reedact.com\/wp-content\/uploads\/2021\/01\/sfaturi-pentru-recrutare-si-selectie-cum-sa-iesi-in-fata-55x17.webp 55w, https:\/\/reedact.com\/wp-content\/uploads\/2021\/01\/sfaturi-pentru-recrutare-si-selectie-cum-sa-iesi-in-fata-150x45.webp 150w, https:\/\/reedact.com\/wp-content\/uploads\/2021\/01\/sfaturi-pentru-recrutare-si-selectie-cum-sa-iesi-in-fata-200x60.webp 200w, https:\/\/reedact.com\/wp-content\/uploads\/2021\/01\/sfaturi-pentru-recrutare-si-selectie-cum-sa-iesi-in-fata-185x56.webp 185w, https:\/\/reedact.com\/wp-content\/uploads\/2021\/01\/sfaturi-pentru-recrutare-si-selectie-cum-sa-iesi-in-fata-800x240.webp 800w\" sizes=\"(max-width: 1199px) 100vw, 1199px\" \/><\/p>\n<p>Atunci c\u00e2nd te preg\u0103te\u0219ti s\u0103 gestionezi a\u0219tept\u0103rile unui <a href=\"https:\/\/reedact.com\/ro\/angajare\/angajatori-potentiali\/\">poten\u021bial angajator<\/a>, este esen\u021bial s\u0103 ilustrezi clar modul \u00een care po\u021bi contribui pozitiv la companie. De exemplu, dac\u0103 aplici pentru un loc de munc\u0103 la o companie multina\u021bional\u0103, po\u021bi veni cu c\u00e2teva idei inovatoare. Astfel de ac\u021biuni arat\u0103 c\u0103 \u021bi-ai f\u0103cut temele pentru interviu \u0219i demonstreaz\u0103 ini\u021biativa!<\/p>\n<p>Procesul de ob\u021binere a unui loc de munc\u0103 nu este tocmai u\u0219or iar c\u00e2teodat\u0103, recrutorii mai comit \u0219i gre\u0219eli. Mai ales atunci c\u00e2nd compania pentru care dore\u0219ti s\u0103 lucrezi are un proces de recrutare \u0219i selec\u021bie elaborat.<\/p>\n<p>Din fericire, urm\u00e2nd pa\u0219ii \u0219i sfaturile de mai sus, po\u021bi economisi mult timp \u0219i efort, deoarece ai la dispozi\u021bie tot ce este necesar.<\/p>\n<p>\u00ce\u021bi \u021binem pumnii!<\/p>\n","protected":false},"excerpt":{"rendered":"<p>Pe parcursul c\u0103ut\u0103rii unui loc de munc\u0103, ai observat probabil c\u0103 diferite organiza\u021bii solicit\u0103 diverse detalii \u00een procesul de recrutare \u0219i selec\u021bie. Cererile de angajare pot p\u0103rea mai dificile dec\u00e2t sunt \u00een realitate. Cel mai important este s\u0103 cite\u0219ti cu aten\u021bie anun\u021bul de angajare, deoarece acesta \u00ee\u021bi va ar\u0103ta cum s\u0103 ob\u021bii postul. Haide s\u0103&#8230;<\/p>\n","protected":false},"author":2,"featured_media":5602,"comment_status":"closed","ping_status":"closed","sticky":false,"template":"","format":"standard","meta":{"_lmt_disableupdate":"no","_lmt_disable":"no","footnotes":""},"categories":[3313],"tags":[1302],"yoast_head":"<!-- This site is optimized with the Yoast SEO Premium plugin v22.3 (Yoast SEO v24.4) - https:\/\/yoast.com\/wordpress\/plugins\/seo\/ -->\n<title>Procesul de recrutare \u0219i selec\u021bie: sfaturi de specialitate de la exper\u021bi<\/title>\n<meta name=\"description\" content=\"Descoper\u0103 cum po\u021bi salva timp \u00een procesul de recrutare \u0219i selec\u021bie, urm\u00e2nd o serie de pa\u0219i care \u00ee\u021bi vor \u00eembun\u0103t\u0103\u021bi experien\u021ba. \u2714\" \/>\n<meta name=\"robots\" content=\"index, follow, max-snippet:-1, max-image-preview:large, max-video-preview:-1\" \/>\n<link rel=\"canonical\" href=\"https:\/\/reedact.com\/ro\/angajare\/procesul-de-recrutare-si-selectie\/\" \/>\n<meta property=\"og:locale\" content=\"ro_RO\" \/>\n<meta property=\"og:type\" content=\"article\" \/>\n<meta property=\"og:title\" content=\"Recrutare si selectie: Pa\u0219i de urmat pentru o abordare u\u0219oar\u0103\" \/>\n<meta property=\"og:description\" content=\"Descoper\u0103 cum po\u021bi \u00een\u021belege mai u\u0219or procesul de recrutare si selectie de personal pentru un loc de munca. De la recrutare la selec\u021bie \u00eentr-un ghid complet!\" \/>\n<meta property=\"og:url\" content=\"https:\/\/reedact.com\/ro\/angajare\/procesul-de-recrutare-si-selectie\/\" \/>\n<meta property=\"og:site_name\" content=\"Reedact\" \/>\n<meta property=\"article:publisher\" content=\"https:\/\/www.facebook.com\/reedact\/\" \/>\n<meta property=\"article:published_time\" content=\"2024-05-20T07:16:30+00:00\" \/>\n<meta property=\"article:modified_time\" content=\"2024-11-08T11:58:15+00:00\" \/>\n<meta property=\"og:image\" content=\"https:\/\/reedact.com\/wp-content\/uploads\/2020\/10\/How-to-Make-an-Application-Process-Easier_1400-cu-552V1-1.jpg\" \/>\n\t<meta property=\"og:image:width\" content=\"1400\" \/>\n\t<meta property=\"og:image:height\" content=\"552\" \/>\n\t<meta property=\"og:image:type\" content=\"image\/jpeg\" \/>\n<meta name=\"author\" content=\"Reedact\" \/>\n<meta name=\"twitter:card\" content=\"summary_large_image\" \/>\n<meta name=\"twitter:title\" content=\"Recrutare \u0219i selec\u021bie: Pa\u0219i de urmat pentru o abordare u\u0219oar\u0103\" \/>\n<meta name=\"twitter:label1\" content=\"Scris de\" \/>\n\t<meta name=\"twitter:data1\" content=\"Reedact\" \/>\n\t<meta name=\"twitter:label2\" content=\"Timp estimat pentru citire\" \/>\n\t<meta name=\"twitter:data2\" content=\"7 minute\" \/>\n<script type=\"application\/ld+json\" class=\"yoast-schema-graph\">{\"@context\":\"https:\/\/schema.org\",\"@graph\":[{\"@type\":[\"Article\",\"BlogPosting\"],\"@id\":\"https:\/\/reedact.com\/ro\/angajare\/procesul-de-recrutare-si-selectie\/#article\",\"isPartOf\":{\"@id\":\"https:\/\/reedact.com\/ro\/angajare\/procesul-de-recrutare-si-selectie\/\"},\"author\":{\"name\":\"Reedact\",\"@id\":\"https:\/\/reedact.com\/ro\/#\/schema\/person\/4677c88172d4fb7f2d00b0e619da9529\"},\"headline\":\"Recrutare \u0219i selec\u021bie: Pa\u0219i de urmat pentru o abordare u\u0219oar\u0103\",\"datePublished\":\"2024-05-20T07:16:30+00:00\",\"dateModified\":\"2024-11-08T11:58:15+00:00\",\"mainEntityOfPage\":{\"@id\":\"https:\/\/reedact.com\/ro\/angajare\/procesul-de-recrutare-si-selectie\/\"},\"wordCount\":1515,\"publisher\":{\"@id\":\"https:\/\/reedact.com\/ro\/#organization\"},\"image\":{\"@id\":\"https:\/\/reedact.com\/ro\/angajare\/procesul-de-recrutare-si-selectie\/#primaryimage\"},\"thumbnailUrl\":\"https:\/\/reedact.com\/wp-content\/uploads\/2020\/10\/How-to-Make-an-Application-Process-Easier_1200-cu-360V1.jpg\",\"keywords\":[\"Job Application Process\"],\"articleSection\":[\"Angajare\"],\"inLanguage\":\"ro-RO\"},{\"@type\":\"WebPage\",\"@id\":\"https:\/\/reedact.com\/ro\/angajare\/procesul-de-recrutare-si-selectie\/\",\"url\":\"https:\/\/reedact.com\/ro\/angajare\/procesul-de-recrutare-si-selectie\/\",\"name\":\"Procesul de recrutare \u0219i selec\u021bie: sfaturi de specialitate de la exper\u021bi\",\"isPartOf\":{\"@id\":\"https:\/\/reedact.com\/ro\/#website\"},\"primaryImageOfPage\":{\"@id\":\"https:\/\/reedact.com\/ro\/angajare\/procesul-de-recrutare-si-selectie\/#primaryimage\"},\"image\":{\"@id\":\"https:\/\/reedact.com\/ro\/angajare\/procesul-de-recrutare-si-selectie\/#primaryimage\"},\"thumbnailUrl\":\"https:\/\/reedact.com\/wp-content\/uploads\/2020\/10\/How-to-Make-an-Application-Process-Easier_1200-cu-360V1.jpg\",\"datePublished\":\"2024-05-20T07:16:30+00:00\",\"dateModified\":\"2024-11-08T11:58:15+00:00\",\"description\":\"Descoper\u0103 cum po\u021bi salva timp \u00een procesul de recrutare \u0219i selec\u021bie, urm\u00e2nd o serie de pa\u0219i care \u00ee\u021bi vor \u00eembun\u0103t\u0103\u021bi experien\u021ba. \u2714\",\"breadcrumb\":{\"@id\":\"https:\/\/reedact.com\/ro\/angajare\/procesul-de-recrutare-si-selectie\/#breadcrumb\"},\"inLanguage\":\"ro-RO\",\"potentialAction\":[{\"@type\":\"ReadAction\",\"target\":[\"https:\/\/reedact.com\/ro\/angajare\/procesul-de-recrutare-si-selectie\/\"]}]},{\"@type\":\"ImageObject\",\"inLanguage\":\"ro-RO\",\"@id\":\"https:\/\/reedact.com\/ro\/angajare\/procesul-de-recrutare-si-selectie\/#primaryimage\",\"url\":\"https:\/\/reedact.com\/wp-content\/uploads\/2020\/10\/How-to-Make-an-Application-Process-Easier_1200-cu-360V1.jpg\",\"contentUrl\":\"https:\/\/reedact.com\/wp-content\/uploads\/2020\/10\/How-to-Make-an-Application-Process-Easier_1200-cu-360V1.jpg\",\"width\":1200,\"height\":360,\"caption\":\"How to Make an Application Process Easier_1200 cu 360V1\"},{\"@type\":\"BreadcrumbList\",\"@id\":\"https:\/\/reedact.com\/ro\/angajare\/procesul-de-recrutare-si-selectie\/#breadcrumb\",\"itemListElement\":[{\"@type\":\"ListItem\",\"position\":1,\"name\":\"Home\",\"item\":\"https:\/\/reedact.com\/ro\/\"},{\"@type\":\"ListItem\",\"position\":2,\"name\":\"Recrutare \u0219i selec\u021bie: Pa\u0219i de urmat pentru o abordare u\u0219oar\u0103\"}]},{\"@type\":\"WebSite\",\"@id\":\"https:\/\/reedact.com\/ro\/#website\",\"url\":\"https:\/\/reedact.com\/ro\/\",\"name\":\"Reedact\",\"description\":\"CV-ul t\u0103u. Missiunea noastr\u0103.\",\"publisher\":{\"@id\":\"https:\/\/reedact.com\/ro\/#organization\"},\"potentialAction\":[{\"@type\":\"SearchAction\",\"target\":{\"@type\":\"EntryPoint\",\"urlTemplate\":\"https:\/\/reedact.com\/ro\/?s={search_term_string}\"},\"query-input\":{\"@type\":\"PropertyValueSpecification\",\"valueRequired\":true,\"valueName\":\"search_term_string\"}}],\"inLanguage\":\"ro-RO\"},{\"@type\":\"Organization\",\"@id\":\"https:\/\/reedact.com\/ro\/#organization\",\"name\":\"Reedact\",\"url\":\"https:\/\/reedact.com\/ro\/\",\"logo\":{\"@type\":\"ImageObject\",\"inLanguage\":\"ro-RO\",\"@id\":\"https:\/\/reedact.com\/ro\/#\/schema\/logo\/image\/\",\"url\":\"https:\/\/reedact.com\/wp-content\/uploads\/2019\/11\/favicon-reedact-min.jpg\",\"contentUrl\":\"https:\/\/reedact.com\/wp-content\/uploads\/2019\/11\/favicon-reedact-min.jpg\",\"width\":100,\"height\":85,\"caption\":\"Reedact\"},\"image\":{\"@id\":\"https:\/\/reedact.com\/ro\/#\/schema\/logo\/image\/\"},\"sameAs\":[\"https:\/\/www.facebook.com\/reedact\/\"]},{\"@type\":\"Person\",\"@id\":\"https:\/\/reedact.com\/ro\/#\/schema\/person\/4677c88172d4fb7f2d00b0e619da9529\",\"name\":\"Reedact\",\"sameAs\":[\"https:\/\/reedact.com\/\"]}]}<\/script>\n<!-- \/ Yoast SEO Premium plugin. -->","yoast_head_json":{"title":"Procesul de recrutare \u0219i selec\u021bie: sfaturi de specialitate de la exper\u021bi","description":"Descoper\u0103 cum po\u021bi salva timp \u00een procesul de recrutare \u0219i selec\u021bie, urm\u00e2nd o serie de pa\u0219i care \u00ee\u021bi vor \u00eembun\u0103t\u0103\u021bi experien\u021ba. \u2714","robots":{"index":"index","follow":"follow","max-snippet":"max-snippet:-1","max-image-preview":"max-image-preview:large","max-video-preview":"max-video-preview:-1"},"canonical":"https:\/\/reedact.com\/ro\/angajare\/procesul-de-recrutare-si-selectie\/","og_locale":"ro_RO","og_type":"article","og_title":"Recrutare si selectie: Pa\u0219i de urmat pentru o abordare u\u0219oar\u0103","og_description":"Descoper\u0103 cum po\u021bi \u00een\u021belege mai u\u0219or procesul de recrutare si selectie de personal pentru un loc de munca. De la recrutare la selec\u021bie \u00eentr-un ghid complet!","og_url":"https:\/\/reedact.com\/ro\/angajare\/procesul-de-recrutare-si-selectie\/","og_site_name":"Reedact","article_publisher":"https:\/\/www.facebook.com\/reedact\/","article_published_time":"2024-05-20T07:16:30+00:00","article_modified_time":"2024-11-08T11:58:15+00:00","og_image":[{"width":1400,"height":552,"url":"https:\/\/reedact.com\/wp-content\/uploads\/2020\/10\/How-to-Make-an-Application-Process-Easier_1400-cu-552V1-1.jpg","type":"image\/jpeg"}],"author":"Reedact","twitter_card":"summary_large_image","twitter_title":"Recrutare \u0219i selec\u021bie: Pa\u0219i de urmat pentru o abordare u\u0219oar\u0103","twitter_misc":{"Scris de":"Reedact","Timp estimat pentru citire":"7 minute"},"schema":{"@context":"https:\/\/schema.org","@graph":[{"@type":["Article","BlogPosting"],"@id":"https:\/\/reedact.com\/ro\/angajare\/procesul-de-recrutare-si-selectie\/#article","isPartOf":{"@id":"https:\/\/reedact.com\/ro\/angajare\/procesul-de-recrutare-si-selectie\/"},"author":{"name":"Reedact","@id":"https:\/\/reedact.com\/ro\/#\/schema\/person\/4677c88172d4fb7f2d00b0e619da9529"},"headline":"Recrutare \u0219i selec\u021bie: Pa\u0219i de urmat pentru o abordare u\u0219oar\u0103","datePublished":"2024-05-20T07:16:30+00:00","dateModified":"2024-11-08T11:58:15+00:00","mainEntityOfPage":{"@id":"https:\/\/reedact.com\/ro\/angajare\/procesul-de-recrutare-si-selectie\/"},"wordCount":1515,"publisher":{"@id":"https:\/\/reedact.com\/ro\/#organization"},"image":{"@id":"https:\/\/reedact.com\/ro\/angajare\/procesul-de-recrutare-si-selectie\/#primaryimage"},"thumbnailUrl":"https:\/\/reedact.com\/wp-content\/uploads\/2020\/10\/How-to-Make-an-Application-Process-Easier_1200-cu-360V1.jpg","keywords":["Job Application Process"],"articleSection":["Angajare"],"inLanguage":"ro-RO"},{"@type":"WebPage","@id":"https:\/\/reedact.com\/ro\/angajare\/procesul-de-recrutare-si-selectie\/","url":"https:\/\/reedact.com\/ro\/angajare\/procesul-de-recrutare-si-selectie\/","name":"Procesul de recrutare \u0219i selec\u021bie: sfaturi de specialitate de la exper\u021bi","isPartOf":{"@id":"https:\/\/reedact.com\/ro\/#website"},"primaryImageOfPage":{"@id":"https:\/\/reedact.com\/ro\/angajare\/procesul-de-recrutare-si-selectie\/#primaryimage"},"image":{"@id":"https:\/\/reedact.com\/ro\/angajare\/procesul-de-recrutare-si-selectie\/#primaryimage"},"thumbnailUrl":"https:\/\/reedact.com\/wp-content\/uploads\/2020\/10\/How-to-Make-an-Application-Process-Easier_1200-cu-360V1.jpg","datePublished":"2024-05-20T07:16:30+00:00","dateModified":"2024-11-08T11:58:15+00:00","description":"Descoper\u0103 cum po\u021bi salva timp \u00een procesul de recrutare \u0219i selec\u021bie, urm\u00e2nd o serie de pa\u0219i care \u00ee\u021bi vor \u00eembun\u0103t\u0103\u021bi experien\u021ba. \u2714","breadcrumb":{"@id":"https:\/\/reedact.com\/ro\/angajare\/procesul-de-recrutare-si-selectie\/#breadcrumb"},"inLanguage":"ro-RO","potentialAction":[{"@type":"ReadAction","target":["https:\/\/reedact.com\/ro\/angajare\/procesul-de-recrutare-si-selectie\/"]}]},{"@type":"ImageObject","inLanguage":"ro-RO","@id":"https:\/\/reedact.com\/ro\/angajare\/procesul-de-recrutare-si-selectie\/#primaryimage","url":"https:\/\/reedact.com\/wp-content\/uploads\/2020\/10\/How-to-Make-an-Application-Process-Easier_1200-cu-360V1.jpg","contentUrl":"https:\/\/reedact.com\/wp-content\/uploads\/2020\/10\/How-to-Make-an-Application-Process-Easier_1200-cu-360V1.jpg","width":1200,"height":360,"caption":"How to Make an Application Process Easier_1200 cu 360V1"},{"@type":"BreadcrumbList","@id":"https:\/\/reedact.com\/ro\/angajare\/procesul-de-recrutare-si-selectie\/#breadcrumb","itemListElement":[{"@type":"ListItem","position":1,"name":"Home","item":"https:\/\/reedact.com\/ro\/"},{"@type":"ListItem","position":2,"name":"Recrutare \u0219i selec\u021bie: Pa\u0219i de urmat pentru o abordare u\u0219oar\u0103"}]},{"@type":"WebSite","@id":"https:\/\/reedact.com\/ro\/#website","url":"https:\/\/reedact.com\/ro\/","name":"Reedact","description":"CV-ul t\u0103u. Missiunea noastr\u0103.","publisher":{"@id":"https:\/\/reedact.com\/ro\/#organization"},"potentialAction":[{"@type":"SearchAction","target":{"@type":"EntryPoint","urlTemplate":"https:\/\/reedact.com\/ro\/?s={search_term_string}"},"query-input":{"@type":"PropertyValueSpecification","valueRequired":true,"valueName":"search_term_string"}}],"inLanguage":"ro-RO"},{"@type":"Organization","@id":"https:\/\/reedact.com\/ro\/#organization","name":"Reedact","url":"https:\/\/reedact.com\/ro\/","logo":{"@type":"ImageObject","inLanguage":"ro-RO","@id":"https:\/\/reedact.com\/ro\/#\/schema\/logo\/image\/","url":"https:\/\/reedact.com\/wp-content\/uploads\/2019\/11\/favicon-reedact-min.jpg","contentUrl":"https:\/\/reedact.com\/wp-content\/uploads\/2019\/11\/favicon-reedact-min.jpg","width":100,"height":85,"caption":"Reedact"},"image":{"@id":"https:\/\/reedact.com\/ro\/#\/schema\/logo\/image\/"},"sameAs":["https:\/\/www.facebook.com\/reedact\/"]},{"@type":"Person","@id":"https:\/\/reedact.com\/ro\/#\/schema\/person\/4677c88172d4fb7f2d00b0e619da9529","name":"Reedact","sameAs":["https:\/\/reedact.com\/"]}]}},"modified_by":"Reedact","_links":{"self":[{"href":"https:\/\/reedact.com\/ro\/wp-json\/wp\/v2\/posts\/6098"}],"collection":[{"href":"https:\/\/reedact.com\/ro\/wp-json\/wp\/v2\/posts"}],"about":[{"href":"https:\/\/reedact.com\/ro\/wp-json\/wp\/v2\/types\/post"}],"author":[{"embeddable":true,"href":"https:\/\/reedact.com\/ro\/wp-json\/wp\/v2\/users\/2"}],"replies":[{"embeddable":true,"href":"https:\/\/reedact.com\/ro\/wp-json\/wp\/v2\/comments?post=6098"}],"version-history":[{"count":3,"href":"https:\/\/reedact.com\/ro\/wp-json\/wp\/v2\/posts\/6098\/revisions"}],"predecessor-version":[{"id":11901,"href":"https:\/\/reedact.com\/ro\/wp-json\/wp\/v2\/posts\/6098\/revisions\/11901"}],"wp:featuredmedia":[{"embeddable":true,"href":"https:\/\/reedact.com\/ro\/wp-json\/wp\/v2\/media\/5602"}],"wp:attachment":[{"href":"https:\/\/reedact.com\/ro\/wp-json\/wp\/v2\/media?parent=6098"}],"wp:term":[{"taxonomy":"category","embeddable":true,"href":"https:\/\/reedact.com\/ro\/wp-json\/wp\/v2\/categories?post=6098"},{"taxonomy":"post_tag","embeddable":true,"href":"https:\/\/reedact.com\/ro\/wp-json\/wp\/v2\/tags?post=6098"}],"curies":[{"name":"wp","href":"https:\/\/api.w.org\/{rel}","templated":true}]}}