{"id":6265,"date":"2024-05-10T17:59:30","date_gmt":"2024-05-10T14:59:30","guid":{"rendered":"https:\/\/reedact.com\/what-interviewers-expect-from-the-candidates\/"},"modified":"2024-06-03T17:03:22","modified_gmt":"2024-06-03T14:03:22","slug":"angajatori-potentiali","status":"publish","type":"post","link":"https:\/\/reedact.com\/ro\/angajare\/angajatori-potentiali\/","title":{"rendered":"Angajatori poten\u021biali: cum s\u0103 le gestion\u0103m a\u0219tept\u0103rile"},"content":{"rendered":"<p>Un aspect important al preg\u0103tirii pentru un interviu este acela de a \u00een\u021belege <strong>a\u0219tept\u0103rile angajatorilor poten\u021biali<\/strong>, \u0219i ceea ce caut\u0103 ace\u0219tia.<\/p>\n<p>\u00cen timpul <a href=\"https:\/\/reedact.com\/ro\/procesul-de-angajare\/\">procesului de angajare<\/a>, recrutorul va m\u0103sura \u0219i va evalua diferite abilit\u0103\u021bi. Acest lucru depinde de rolul pe care \u00eel ave\u021bi \u00een vedere \u0219i de organiza\u021bia la care candida\u021bi. Cu toate acestea, exist\u0103 c\u00e2teva aspecte care sunt comune, stabilind a\u0219tept\u0103ri clare fa\u021b\u0103 candida\u021bi.<\/p>\n<p>Iat\u0103 care sunt cele mai frecvente aspecte la care trebuie s\u0103 fii atent:<\/p>\n<p><a href=\"#asteptarile-angajatorului\">A\u0219tept\u0103ri legate de timp<\/a><br \/>\n<a href=\"#angajator\">\u00centreb\u0103ri privind motiva\u021bia<\/a><br \/>\n<a href=\"#intrebari-de-gradul-doi\">Angajatori poten\u021biali: \u00centreb\u0103ri &#8222;de gradul doi&#8221;<\/a><br \/>\n<a href=\"#intrebari-despre-comportament\">\u00centreb\u0103ri despre comportament<\/a><a name=\"asteptarile-angajatorului\"><\/a><br \/>\n<a href=\"#pune-intrebari-angajatorului\">\u00centreb\u0103ri pentru angajatori poten\u021biali<\/a><\/p>\n<p><!--more--><\/p>\n<h2 style=\"text-align: left;\">A\u0219tept\u0103ri legate de timp<\/h2>\n<p>Fiecare interviu are o limit\u0103 de timp \u00een care un recrutor pune \u00eentreb\u0103ri. Aminte\u0219te-\u021bi c\u0103 fiec\u0103rui candidat ar trebui s\u0103 i se pun\u0103 acelea\u0219i \u00eentreb\u0103ri pentru a fi evaluat \u00eentr-un mod corect.\u00a0 Dac\u0103 r\u0103spunsurile tale sunt prelungite \u0219i includ informa\u021bii irelevante, s-ar putea s\u0103 te treze\u0219ti \u00eentr-o pozi\u021bie dezavantajat\u0103.<\/p>\n<p>Ofer\u0103 r\u0103spunsuri clare \u0219i directe la \u00eentreb\u0103rile puse \u0219i respect\u0103 timpul t\u0103u \u0219i cel al recrutorului. Ceea ce caut\u0103 angajatorii, mai ales \u00een cadrul unui <a href=\"https:\/\/reedact.com\/ro\/angajare\/interviu-online\/\">interviu online<\/a>, este capacitatea de a te rezuma la informa\u021biile relevante.<\/p>\n<div class=\"message-box\" style=\"background: linear-gradient(to top, #ffcc33, #ffffff); padding: 20px; border-radius: 10px; position: relative;\">\n<div class=\"envelope-border\" style=\"position: relative; border: none;\">\n<div class=\"intro-text\" style=\"border: none;\">\n<p style=\"font-size: 18px; color: #2c4652; margin-bottom: 10px;\">Sper\u0103m c\u0103 articolul nostru \u00ee\u021bi este de ajutor! La REEDACT, suntem specializa\u021bi \u00een crearea unui <strong>CV razor-sharp<\/strong>, \u00eentr-o singur\u0103 pagin\u0103.<\/p>\n<p style=\"font-size: 18px; color: #2c4652; border: none;\"><strong>\u00cencearc\u0103 gratuit<\/strong> platforma noastr\u0103 sau programeaz\u0103 un apel cu noi, pentru sfaturi personalizate!<\/p>\n<\/div>\n<\/div>\n<div class=\"call-to-action\" style=\"text-align: center; display: flex; justify-content: space-between; margin-top: 20px;\"><a class=\"cta-button\" style=\"display: inline-block; flex: 1; padding: 10px 20px; background-color: #2c4652; color: #ffcc33; text-decoration: none; font-size: 16px; border-radius: 5px; border: 1px solid #2c4652; transition: background-color 0.3s; margin-right: 10px; text-transform: uppercase; font-weight: bold;\" href=\"https:\/\/reedact.com\/app\/dashboard\/signup\" rel=\"noopener\">\u00ceNCEPE AICI<\/a><br \/>\n<a class=\"cta-button\" style=\"display: inline-block; flex: 1; padding: 10px 20px; background-color: #2c4652; color: #ffcc33; text-decoration: none; font-size: 16px; border-radius: 5px; border: 1px solid #2c4652; transition: background-color 0.3s; text-transform: uppercase; font-weight: bold;\" href=\"https:\/\/calendly.com\/reedact\/coaching\" target=\"_blank\" rel=\"noopener\">PROGRAMEAZ\u0102 UN APEL<\/a><\/div>\n<div class=\"envelope-flap\" style=\"position: absolute; bottom: -10px; left: 50%; width: 20px; height: 20px; margin-left: -10px; background-color: #ffcc33; border: 1px solid #ddd; border-width: 1px 0; border-radius: 50%;\"><\/div>\n<\/div>\n<div style=\"margin-top: 40px;\"><\/div>\n<p>Iat\u0103 trei motive importante pentru care este important s\u0103 oferi r\u0103spunsuri clare \u0219i directe la \u00eentreb\u0103rile puse \u00een interviu:<\/p>\n<ul>\n<li><strong>Demonstreaz\u0103 comunicare eficient\u0103.<\/strong> Oferirea de r\u0103spunsuri clare \u0219i directe arat\u0103 c\u0103 ai abilit\u0103\u021bi bune de comunicare. Angajatorii apreciaz\u0103 candida\u021bii care pot transmite informa\u021bii cu precizie \u0219i claritate, f\u0103r\u0103 s\u0103 devieze de la subiect.<\/li>\n<li><strong>Eviden\u021biaz\u0103 capacitatea de a r\u0103spunde la cerin\u021be specifice.<\/strong> Oferind r\u0103spunsuri directe la \u00eentreb\u0103ri, ar\u0103\u021bi c\u0103 po\u021bi r\u0103spunde cu promptitudine la cerin\u021bele specifice ale postului pentru care aplici.<\/li>\n<li><strong>Creeaz\u0103 o impresie pozitiv\u0103.<\/strong> R\u0103spunsurile clare \u0219i directe arat\u0103 c\u0103 e\u0219ti un candidat bine preg\u0103tit \u0219i sigur pe tine.<\/li>\n<\/ul>\n<p>De asemenea, nu uita s\u0103 r\u0103spunzi doar la \u00eentreb\u0103rile care \u021bi se pun. Acest lucru va ar\u0103ta adaptabilitate \u0219i flexibilitate, lucru de care to\u021bi angajatorii sunt interesa\u021bi. Vei ar\u0103ta c\u0103 e\u0219ti <a name=\"angajator\"><\/a>o persoan\u0103 cu resurse, \u00een cel mai scurt timp! <span class=\"x19la9d6 x1fc57z9 x6ikm8r x10wlt62 x19co3pv x1g5zs5t xfibh0p xiy17q3 x1xsqp64 x1lkfr7t xexx8yu x4uap5 x18d9i69 xkhd6sd\"><span class=\"xrtxmta x1bhl96m\">\ud83d\ude09<\/span><\/span><\/p>\n<h2 style=\"margin-bottom: 0.0001pt; line-height: 150%;\">\u00centreb\u0103ri privind motiva\u021bia<\/h2>\n<p>De ce dore\u0219ti s\u0103 p\u0103r\u0103se\u0219ti actualul angajator \u0219i de ce dore\u0219ti s\u0103 lucrezi pentru noi? Aceste \u00eentreb\u0103ri pot p\u0103rea simple \u0219i nevinovate la prima vedere. Cu toate acestea, exist\u0103 \u0219anse ca ele s\u0103 aib\u0103 un sens secundar.<\/p>\n<p>Ce caut\u0103 recrutorii cu aceast\u0103 \u00eentrebare? S\u0103 vad\u0103 dac\u0103 ad\u0103ugarea ta \u00een echipa lor ar reprezenta un risc pentru imaginea companiei!<\/p>\n<p><img loading=\"lazy\" decoding=\"async\" class=\"alignnone wp-image-11856 size-full\" src=\"https:\/\/reedact.com\/wp-content\/uploads\/2020\/10\/angajator-potential-pasi-si-motivatie.webp\" alt=\"angajator potential pasi si motivatie\" width=\"1200\" height=\"360\" srcset=\"https:\/\/reedact.com\/wp-content\/uploads\/2020\/10\/angajator-potential-pasi-si-motivatie.webp 1200w, https:\/\/reedact.com\/wp-content\/uploads\/2020\/10\/angajator-potential-pasi-si-motivatie-300x90.webp 300w, https:\/\/reedact.com\/wp-content\/uploads\/2020\/10\/angajator-potential-pasi-si-motivatie-1024x307.webp 1024w, https:\/\/reedact.com\/wp-content\/uploads\/2020\/10\/angajator-potential-pasi-si-motivatie-600x180.webp 600w, https:\/\/reedact.com\/wp-content\/uploads\/2020\/10\/angajator-potential-pasi-si-motivatie-500x150.webp 500w, https:\/\/reedact.com\/wp-content\/uploads\/2020\/10\/angajator-potential-pasi-si-motivatie-100x30.webp 100w, https:\/\/reedact.com\/wp-content\/uploads\/2020\/10\/angajator-potential-pasi-si-motivatie-55x17.webp 55w, https:\/\/reedact.com\/wp-content\/uploads\/2020\/10\/angajator-potential-pasi-si-motivatie-150x45.webp 150w, https:\/\/reedact.com\/wp-content\/uploads\/2020\/10\/angajator-potential-pasi-si-motivatie-200x60.webp 200w, https:\/\/reedact.com\/wp-content\/uploads\/2020\/10\/angajator-potential-pasi-si-motivatie-185x56.webp 185w, https:\/\/reedact.com\/wp-content\/uploads\/2020\/10\/angajator-potential-pasi-si-motivatie-800x240.webp 800w\" sizes=\"(max-width: 1200px) 100vw, 1200px\" \/><\/p>\n<p>Iat\u0103 trei motive importante pentru care este important s\u0103 nu \u00ee\u021bi vorbe\u0219ti de r\u0103u angajatorii \u00eentr-un interviu:<\/p>\n<ul>\n<li><strong>Demonstreaz\u0103 profesionalism.<\/strong> Evit\u00e2nd s\u0103 \u00ee\u021bi vorbe\u0219ti de r\u0103u angajatorii actuali \u0219i anteriori, ar\u0103\u021bi un comportament profesional \u0219i respectuos.<\/li>\n<li><strong>Arat\u0103 abilit\u0103\u021bi de gestionare a conflictelor.<\/strong> Ar\u0103t\u00e2nd c\u0103 po\u021bi trata cu maturitate \u0219i rezilien\u021b\u0103 poten\u021bialele conflicte, demonstrezi c\u0103 e\u0219ti o persoan\u0103 orientat\u0103 spre solu\u021bii \u0219i c\u0103 po\u021bi face fa\u021b\u0103 provoc\u0103rilor din mediul de lucru.<\/li>\n<li><strong>Creaz\u0103 o impresie pozitiv\u0103 asupra ta.<\/strong> Vorbitul de r\u0103u angajatorii anteriori poate arunca o umbr\u0103 negativ\u0103 asupra personalit\u0103\u021bii tale. De exemplu, poate ridica semne de \u00eentrebare cu privire la abilit\u0103\u021bile tale de adaptare \u0219i cooperare. Angajatorii caut\u0103 candida\u021bi care s\u0103 aib\u0103 o atitudine pozitiv\u0103 \u0219i care s\u0103 poat\u0103 contribui la un mediu de lucru armonios \u0219i productiv.<\/li>\n<\/ul>\n<p>Un <a href=\"https:\/\/ideas.repec.org\/a\/pal\/crepre\/v24y2021i1d10.1057_s41299-019-00086-w.html\" target=\"_blank\" rel=\"noopener\">studiu recent<\/a> a analizat factorii care \u00eei influen\u021beaz\u0103 pe angaja\u021bi s\u0103 vorbeasc\u0103 de r\u0103u despre companiile lor pe re\u021belele de socializare. Cercetarea subliniaz\u0103 importan\u021ba ca managerii s\u0103 se concentreze pe reducerea inten\u021biilor de rota\u021bie ca strategie, pentru a limita comentariile publice negative ale angaja\u021bilor.<\/p>\n<p>\u00cen concluzie, trebuie s\u0103 demonstrezi c\u0103 e\u0219ti o persoan\u0103 cu care oamenii ar dori s\u0103 <a name=\"intrebari-de-gradul-doi\"><\/a>lucreze zilnic, a\u0219a c\u0103 arat\u0103-\u021bi latura bun\u0103!<\/p>\n<h2 style=\"text-align: left;\">Angajatori poten\u021biali: \u00centreb\u0103ri de gradul doi<\/h2>\n<p>C\u00e2nd vine vorba de a r\u0103spunde la &#8222;\u00eentreb\u0103ri de gradul doi&#8221;, f\u0103 o cercetare am\u0103nun\u021bit\u0103 despre angajatorul final. R\u0103spunsurile tale vor demonstra c\u00e2t efort ai depus \u00een preg\u0103tirea pentru interviu.<\/p>\n<p>\u00cen func\u021bie de domeniile de interes \u0219i motiva\u021bie, po\u021bi pune accent pe:<\/p>\n<ul>\n<li>Produsele\/serviciile companiei care te intereseaz\u0103.<\/li>\n<li><a href=\"https:\/\/reedact.com\/ro\/angajare\/cum-citim-un-anunt-de-angajare\/\">Anun\u021bul de angajare<\/a> \u0219i modul \u00een care \u00eel po\u021bi citi cel mai bine.<\/li>\n<li>Activit\u0103\u021bile de servicii pentru clien\u021bi ale companiei.<\/li>\n<\/ul>\n<p>Poate cuno\u0219ti pe cineva care lucreaz\u0103 pentru compania respectiv\u0103, \u0219i a\u0219a vei afla despre oportunit\u0103\u021bile de dezvoltare. Nu-\u021bi fie team\u0103 s\u0103 men\u021bionezi asta. Mul\u021bi angajatori au a\u0219tept\u0103ri str\u00e2ns legate de compania lor, \u0219i dorin\u021ba de a face cercet\u0103ri despre ea!<\/p>\n<p>Motiva\u021bia, obiectivele \u0219i dorin\u021ba de a ac\u021biona ar trebui, de asemenea, s\u0103 fie aliniate la cultura \u0219i structura companiei.Trebuie s\u0103 le oferi a\u0219tept\u0103ri rezonabile. Cel mai probabil, vei afla ulterior dac\u0103 e\u0219ti sau nu potrivit pentru companie. Deci fii tu la interviu! Ceea ce caut\u0103 angajatorii la un <a name=\"intrebari-despre-comportament\"><\/a>candidat este capacitatea de a se relaxa sub presiune.<\/p>\n<h2 style=\"text-align: left;\">\u00centreb\u0103ri despre comportament<\/h2>\n<p>\u00cen timpul <a href=\"https:\/\/reedact.com\/ro\/angajare\/procesul-de-recrutare-si-selectie\/\">procesului de recrutare \u0219i selec\u021bie<\/a>, recrutorii te vor \u00eentreba despre experien\u021bele din trecut, pentru a identifica r\u0103spunsuri la \u00eentreb\u0103rile comportamentale. Aceast\u0103 metod\u0103 este o tactic\u0103 frecvent utilizat\u0103 pentru a evalua modul \u00een care ai gestionat diverse situa\u021bii la locul de munc\u0103 \u0219i poate oferi informa\u021bii valoroase despre abilit\u0103\u021bile tale de rezolvare a problemelor \u0219i de rela\u021bionare.<\/p>\n<p>Un exemplu ar fi: &#8222;<em>Spune-mi despre un moment \u00een care<\/em>&#8222;, &#8222;<em>descrie o situa\u021bie c\u00e2nd<\/em>&#8222;. Scopul acestor \u00eentreb\u0103ri este de a ajuta angajatorul \u0219i a evalua o abilitate specific\u0103 sau competen\u021ba necesar\u0103 pentru rolul respectiv.<\/p>\n<p>Recomandarea noastr\u0103 este s\u0103 \u00ee\u021bi preg\u0103te\u0219ti r\u0103spunsurile utiliz\u00e2nd tehnica STAR:<\/p>\n<ul>\n<li><strong>S (situa\u021bie)<\/strong> &#8211; descrie o situa\u021bie specific\u0103 sau o provocare pe care ai experimentat-o.<\/li>\n<li><strong>T (task)<\/strong> &#8211; descrie rolul t\u0103u \u00een aceast\u0103 situa\u021bie\/provocare.<\/li>\n<li><strong>A (ac\u021biune)<\/strong> &#8211; descrie ce ac\u021biuni ai \u00eentreprins pentru a aborda \u0219i\/sau rezolva aceast\u0103 situa\u021bie.<\/li>\n<li><strong>R (rezultat)<\/strong> &#8211; descrie care a fost rezultatul tangibil al ac\u021biunilor tale.<\/li>\n<\/ul>\n<p>Nu ignora nici limbajul corpului. Ce caut\u0103 angajatorii? O persoan\u0103 care este relaxat\u0103 \u0219i care are o postur\u0103 deschis\u0103 \u0219i prietenoas\u0103. <a name=\"pune-intrebari-angajatorului\"><\/a>Men\u021bine contactul vizual pentru a le c\u00e2\u0219tiga \u00eencrederea!<\/p>\n<h2 style=\"margin-bottom: 0.0001pt; line-height: 150%; text-align: left;\">\u00centreb\u0103ri pentru angajatori poten\u021biali<\/h2>\n<p>Nu \u00ee\u021bi vorbi de r\u0103u angajatorii actuali sau anteriori, \u0219i evit\u0103 s\u0103 \u00ee\u021bi exprimi nemul\u021bumirea fa\u021b\u0103 de ei. Pe de-o parte, acest lucru indic\u0103 angajatorului c\u0103 po\u021bi promova o imagine negativ\u0103 \u00een viitor. Pe de alt\u0103 parte, acest lucru poate indica faptul c\u0103 stilul t\u0103u de comunicare nu se bazeaz\u0103 pe informa\u021bii constructive \u0219i rezonabile.<\/p>\n<p><img loading=\"lazy\" decoding=\"async\" class=\"alignnone wp-image-11864 size-full\" src=\"https:\/\/reedact.com\/wp-content\/uploads\/2020\/10\/Intrebari-pentru-angajatori-potentiali.webp\" alt=\"Intrebari pentru angajatori potentiali\" width=\"1200\" height=\"359\" srcset=\"https:\/\/reedact.com\/wp-content\/uploads\/2020\/10\/Intrebari-pentru-angajatori-potentiali.webp 1200w, https:\/\/reedact.com\/wp-content\/uploads\/2020\/10\/Intrebari-pentru-angajatori-potentiali-300x90.webp 300w, https:\/\/reedact.com\/wp-content\/uploads\/2020\/10\/Intrebari-pentru-angajatori-potentiali-1024x306.webp 1024w, https:\/\/reedact.com\/wp-content\/uploads\/2020\/10\/Intrebari-pentru-angajatori-potentiali-600x180.webp 600w, https:\/\/reedact.com\/wp-content\/uploads\/2020\/10\/Intrebari-pentru-angajatori-potentiali-500x150.webp 500w, https:\/\/reedact.com\/wp-content\/uploads\/2020\/10\/Intrebari-pentru-angajatori-potentiali-100x30.webp 100w, https:\/\/reedact.com\/wp-content\/uploads\/2020\/10\/Intrebari-pentru-angajatori-potentiali-55x16.webp 55w, https:\/\/reedact.com\/wp-content\/uploads\/2020\/10\/Intrebari-pentru-angajatori-potentiali-150x45.webp 150w, https:\/\/reedact.com\/wp-content\/uploads\/2020\/10\/Intrebari-pentru-angajatori-potentiali-200x60.webp 200w, https:\/\/reedact.com\/wp-content\/uploads\/2020\/10\/Intrebari-pentru-angajatori-potentiali-185x55.webp 185w, https:\/\/reedact.com\/wp-content\/uploads\/2020\/10\/Intrebari-pentru-angajatori-potentiali-800x239.webp 800w\" sizes=\"(max-width: 1200px) 100vw, 1200px\" \/><\/p>\n<p>Care sunt a\u0219tept\u0103rile angajatorilor la finalul unui interviu? Propriile tale \u00eentreb\u0103ri sau idei!<\/p>\n<p>Nu-\u021bi fie team\u0103 s\u0103 preg\u0103te\u0219ti <a href=\"https:\/\/reedact.com\/ro\/angajare\/cum-evaluezi-un-angajator\/\">\u00eentreb\u0103ri pentru angajator<\/a>, \u00een special cele care te intereseaz\u0103 cu adev\u0103rat. Acest lucru te va ajuta s\u0103 depistezi semnalele de alarm\u0103 \u00een procesul de recrutare, \u00een echip\u0103 \u0219i \u00een companie. \u00cen mod firesc, vrei s\u0103 \u00een\u021belegi care este amploarea rolului, care este structura echipei sau cum va ar\u0103ta interviul. De asemenea, este absolut firesc s\u0103 vrei s\u0103 \u00een\u021belegi cum va continua <a href=\"https:\/\/reedact.com\/ro\/angajare\/procesul-de-selectie\/\">procesul de selec\u021bie<\/a>.<\/p>\n<p>\u00cen afar\u0103 de asta, \u00eei po\u021bi \u00eentreba pe angajatori ce anume apreciaz\u0103 ei la compania \u00een care lucreaz\u0103 \u0219i de ce lucreaz\u0103 acolo?<\/p>\n<p>Printre \u00eentreb\u0103rile recomandate, putem enumera:<\/p>\n<ol>\n<li>\u00centreb\u0103ri referitoare la nevoia ocup\u0103rii postului.<\/li>\n<li>Care sunt abilit\u0103\u021bile necesare pentru a reu\u0219i \u00een acest rol.<\/li>\n<li>Cele mai mari provoc\u0103ri cu care te vei confrunta.<\/li>\n<li>Cum consider\u0103 angajatorul c\u0103 arat\u0103 candidatul potrivit.<\/li>\n<li>C\u00e2t de vital\u0103 este pozi\u021bia respectiv\u0103 pentru obiectivele companiei.<\/li>\n<\/ol>\n<p>Poate compania a lansat recent un nou produs sau serviciu care intr\u0103 pe pia\u021b\u0103. \u00centreab\u0103 despre produs, \u0219i cum este acesta v\u0103zut de angaja\u021bi?<\/p>\n<p>La sf\u00e2r\u0219itul zilei, petrecem cel pu\u021bin o treime din via\u021ba noastr\u0103 la locul de munc\u0103, \u0219i merit\u0103m s\u0103 primim informa\u021bii exacte de la angajatori, \u00eenainte de a lua o decizie at\u00e2t de important\u0103!<\/p>\n","protected":false},"excerpt":{"rendered":"<p>Un aspect important al preg\u0103tirii pentru un interviu este acela de a \u00een\u021belege a\u0219tept\u0103rile angajatorilor poten\u021biali, \u0219i ceea ce caut\u0103 ace\u0219tia. \u00cen timpul procesului de angajare, recrutorul va m\u0103sura \u0219i va evalua diferite abilit\u0103\u021bi. Acest lucru depinde de rolul pe care \u00eel ave\u021bi \u00een vedere \u0219i de organiza\u021bia la care candida\u021bi. Cu toate acestea, exist\u0103&#8230;<\/p>\n","protected":false},"author":2,"featured_media":5635,"comment_status":"closed","ping_status":"closed","sticky":false,"template":"","format":"standard","meta":{"_lmt_disableupdate":"no","_lmt_disable":"no","footnotes":""},"categories":[3313],"tags":[1608],"yoast_head":"<!-- This site is optimized with the Yoast SEO Premium plugin v22.3 (Yoast SEO v24.4) - https:\/\/yoast.com\/wordpress\/plugins\/seo\/ -->\n<title>Angajatori poten\u021biali: Ghid despre cum s\u0103 le \u00een\u021belegem a\u0219tept\u0103rile<\/title>\n<meta name=\"description\" content=\"Afl\u0103 cum s\u0103 \u00een\u021belegi a\u0219tept\u0103rile angajatorilor poten\u021biali, \u0219i preg\u0103te\u0219te-te pentru urm\u0103torul job, cu ajutorul ghidului nostru. \u2714\" \/>\n<meta name=\"robots\" content=\"index, follow, max-snippet:-1, max-image-preview:large, max-video-preview:-1\" \/>\n<link rel=\"canonical\" href=\"https:\/\/reedact.com\/ro\/angajare\/angajatori-potentiali\/\" \/>\n<meta property=\"og:locale\" content=\"ro_RO\" \/>\n<meta property=\"og:type\" content=\"article\" \/>\n<meta property=\"og:title\" content=\"Angajatori poten\u021biali: cum s\u0103 le gestion\u0103m a\u0219tept\u0103rile\" \/>\n<meta property=\"og:description\" content=\"Procesul de \u00eenscriere \u00eencepe cu angajatorul \u0219i analiza unor poten\u021biali angajatori. Gestioneaz\u0103 angajatorii \u0219i \u00eendepline\u0219te a\u0219tept\u0103rile angajatorului final!\" \/>\n<meta property=\"og:url\" content=\"https:\/\/reedact.com\/ro\/angajare\/angajatori-potentiali\/\" \/>\n<meta property=\"og:site_name\" content=\"Reedact\" \/>\n<meta property=\"article:publisher\" content=\"https:\/\/www.facebook.com\/reedact\/\" \/>\n<meta property=\"article:published_time\" content=\"2024-05-10T14:59:30+00:00\" \/>\n<meta property=\"article:modified_time\" content=\"2024-06-03T14:03:22+00:00\" \/>\n<meta property=\"og:image\" content=\"https:\/\/reedact.com\/wp-content\/uploads\/2020\/10\/What-interviewers-expect-from-the-candidates_1400-cu-552-scaled.jpg\" \/>\n\t<meta property=\"og:image:width\" content=\"2560\" \/>\n\t<meta property=\"og:image:height\" content=\"1695\" \/>\n\t<meta property=\"og:image:type\" content=\"image\/jpeg\" \/>\n<meta name=\"author\" content=\"Reedact\" \/>\n<meta name=\"twitter:card\" content=\"summary_large_image\" \/>\n<meta name=\"twitter:title\" content=\"Angajatori poten\u021biali: cum s\u0103 le gestion\u0103m a\u0219tept\u0103rile\" \/>\n<meta name=\"twitter:label1\" content=\"Scris de\" \/>\n\t<meta name=\"twitter:data1\" content=\"Reedact\" \/>\n\t<meta name=\"twitter:label2\" content=\"Timp estimat pentru citire\" \/>\n\t<meta name=\"twitter:data2\" content=\"7 minute\" \/>\n<script type=\"application\/ld+json\" class=\"yoast-schema-graph\">{\"@context\":\"https:\/\/schema.org\",\"@graph\":[{\"@type\":[\"Article\",\"BlogPosting\"],\"@id\":\"https:\/\/reedact.com\/ro\/angajare\/angajatori-potentiali\/#article\",\"isPartOf\":{\"@id\":\"https:\/\/reedact.com\/ro\/angajare\/angajatori-potentiali\/\"},\"author\":{\"name\":\"Reedact\",\"@id\":\"https:\/\/reedact.com\/ro\/#\/schema\/person\/4677c88172d4fb7f2d00b0e619da9529\"},\"headline\":\"Angajatori poten\u021biali: cum s\u0103 le gestion\u0103m a\u0219tept\u0103rile\",\"datePublished\":\"2024-05-10T14:59:30+00:00\",\"dateModified\":\"2024-06-03T14:03:22+00:00\",\"mainEntityOfPage\":{\"@id\":\"https:\/\/reedact.com\/ro\/angajare\/angajatori-potentiali\/\"},\"wordCount\":1460,\"publisher\":{\"@id\":\"https:\/\/reedact.com\/ro\/#organization\"},\"image\":{\"@id\":\"https:\/\/reedact.com\/ro\/angajare\/angajatori-potentiali\/#primaryimage\"},\"thumbnailUrl\":\"https:\/\/reedact.com\/wp-content\/uploads\/2020\/08\/What-interviewers-expect-from-the-candidates_1200-cu-360V1.jpg\",\"keywords\":[\"What Interviewers Expect From The Candidates\"],\"articleSection\":[\"Angajare\"],\"inLanguage\":\"ro-RO\"},{\"@type\":\"WebPage\",\"@id\":\"https:\/\/reedact.com\/ro\/angajare\/angajatori-potentiali\/\",\"url\":\"https:\/\/reedact.com\/ro\/angajare\/angajatori-potentiali\/\",\"name\":\"Angajatori poten\u021biali: Ghid despre cum s\u0103 le \u00een\u021belegem a\u0219tept\u0103rile\",\"isPartOf\":{\"@id\":\"https:\/\/reedact.com\/ro\/#website\"},\"primaryImageOfPage\":{\"@id\":\"https:\/\/reedact.com\/ro\/angajare\/angajatori-potentiali\/#primaryimage\"},\"image\":{\"@id\":\"https:\/\/reedact.com\/ro\/angajare\/angajatori-potentiali\/#primaryimage\"},\"thumbnailUrl\":\"https:\/\/reedact.com\/wp-content\/uploads\/2020\/08\/What-interviewers-expect-from-the-candidates_1200-cu-360V1.jpg\",\"datePublished\":\"2024-05-10T14:59:30+00:00\",\"dateModified\":\"2024-06-03T14:03:22+00:00\",\"description\":\"Afl\u0103 cum s\u0103 \u00een\u021belegi a\u0219tept\u0103rile angajatorilor poten\u021biali, \u0219i preg\u0103te\u0219te-te pentru urm\u0103torul job, cu ajutorul ghidului nostru. \u2714\",\"breadcrumb\":{\"@id\":\"https:\/\/reedact.com\/ro\/angajare\/angajatori-potentiali\/#breadcrumb\"},\"inLanguage\":\"ro-RO\",\"potentialAction\":[{\"@type\":\"ReadAction\",\"target\":[\"https:\/\/reedact.com\/ro\/angajare\/angajatori-potentiali\/\"]}]},{\"@type\":\"ImageObject\",\"inLanguage\":\"ro-RO\",\"@id\":\"https:\/\/reedact.com\/ro\/angajare\/angajatori-potentiali\/#primaryimage\",\"url\":\"https:\/\/reedact.com\/wp-content\/uploads\/2020\/08\/What-interviewers-expect-from-the-candidates_1200-cu-360V1.jpg\",\"contentUrl\":\"https:\/\/reedact.com\/wp-content\/uploads\/2020\/08\/What-interviewers-expect-from-the-candidates_1200-cu-360V1.jpg\",\"width\":1200,\"height\":360,\"caption\":\"What interviewers expect from the candidates_1200 cu 360V1\"},{\"@type\":\"BreadcrumbList\",\"@id\":\"https:\/\/reedact.com\/ro\/angajare\/angajatori-potentiali\/#breadcrumb\",\"itemListElement\":[{\"@type\":\"ListItem\",\"position\":1,\"name\":\"Home\",\"item\":\"https:\/\/reedact.com\/ro\/\"},{\"@type\":\"ListItem\",\"position\":2,\"name\":\"Angajatori poten\u021biali: cum s\u0103 le gestion\u0103m a\u0219tept\u0103rile\"}]},{\"@type\":\"WebSite\",\"@id\":\"https:\/\/reedact.com\/ro\/#website\",\"url\":\"https:\/\/reedact.com\/ro\/\",\"name\":\"Reedact\",\"description\":\"CV-ul t\u0103u. Missiunea noastr\u0103.\",\"publisher\":{\"@id\":\"https:\/\/reedact.com\/ro\/#organization\"},\"potentialAction\":[{\"@type\":\"SearchAction\",\"target\":{\"@type\":\"EntryPoint\",\"urlTemplate\":\"https:\/\/reedact.com\/ro\/?s={search_term_string}\"},\"query-input\":{\"@type\":\"PropertyValueSpecification\",\"valueRequired\":true,\"valueName\":\"search_term_string\"}}],\"inLanguage\":\"ro-RO\"},{\"@type\":\"Organization\",\"@id\":\"https:\/\/reedact.com\/ro\/#organization\",\"name\":\"Reedact\",\"url\":\"https:\/\/reedact.com\/ro\/\",\"logo\":{\"@type\":\"ImageObject\",\"inLanguage\":\"ro-RO\",\"@id\":\"https:\/\/reedact.com\/ro\/#\/schema\/logo\/image\/\",\"url\":\"https:\/\/reedact.com\/wp-content\/uploads\/2019\/11\/favicon-reedact-min.jpg\",\"contentUrl\":\"https:\/\/reedact.com\/wp-content\/uploads\/2019\/11\/favicon-reedact-min.jpg\",\"width\":100,\"height\":85,\"caption\":\"Reedact\"},\"image\":{\"@id\":\"https:\/\/reedact.com\/ro\/#\/schema\/logo\/image\/\"},\"sameAs\":[\"https:\/\/www.facebook.com\/reedact\/\"]},{\"@type\":\"Person\",\"@id\":\"https:\/\/reedact.com\/ro\/#\/schema\/person\/4677c88172d4fb7f2d00b0e619da9529\",\"name\":\"Reedact\",\"sameAs\":[\"https:\/\/reedact.com\/\"]}]}<\/script>\n<!-- \/ Yoast SEO Premium plugin. -->","yoast_head_json":{"title":"Angajatori poten\u021biali: Ghid despre cum s\u0103 le \u00een\u021belegem a\u0219tept\u0103rile","description":"Afl\u0103 cum s\u0103 \u00een\u021belegi a\u0219tept\u0103rile angajatorilor poten\u021biali, \u0219i preg\u0103te\u0219te-te pentru urm\u0103torul job, cu ajutorul ghidului nostru. \u2714","robots":{"index":"index","follow":"follow","max-snippet":"max-snippet:-1","max-image-preview":"max-image-preview:large","max-video-preview":"max-video-preview:-1"},"canonical":"https:\/\/reedact.com\/ro\/angajare\/angajatori-potentiali\/","og_locale":"ro_RO","og_type":"article","og_title":"Angajatori poten\u021biali: cum s\u0103 le gestion\u0103m a\u0219tept\u0103rile","og_description":"Procesul de \u00eenscriere \u00eencepe cu angajatorul \u0219i analiza unor poten\u021biali angajatori. Gestioneaz\u0103 angajatorii \u0219i \u00eendepline\u0219te a\u0219tept\u0103rile angajatorului final!","og_url":"https:\/\/reedact.com\/ro\/angajare\/angajatori-potentiali\/","og_site_name":"Reedact","article_publisher":"https:\/\/www.facebook.com\/reedact\/","article_published_time":"2024-05-10T14:59:30+00:00","article_modified_time":"2024-06-03T14:03:22+00:00","og_image":[{"width":2560,"height":1695,"url":"https:\/\/reedact.com\/wp-content\/uploads\/2020\/10\/What-interviewers-expect-from-the-candidates_1400-cu-552-scaled.jpg","type":"image\/jpeg"}],"author":"Reedact","twitter_card":"summary_large_image","twitter_title":"Angajatori poten\u021biali: cum s\u0103 le gestion\u0103m a\u0219tept\u0103rile","twitter_misc":{"Scris de":"Reedact","Timp estimat pentru citire":"7 minute"},"schema":{"@context":"https:\/\/schema.org","@graph":[{"@type":["Article","BlogPosting"],"@id":"https:\/\/reedact.com\/ro\/angajare\/angajatori-potentiali\/#article","isPartOf":{"@id":"https:\/\/reedact.com\/ro\/angajare\/angajatori-potentiali\/"},"author":{"name":"Reedact","@id":"https:\/\/reedact.com\/ro\/#\/schema\/person\/4677c88172d4fb7f2d00b0e619da9529"},"headline":"Angajatori poten\u021biali: cum s\u0103 le gestion\u0103m a\u0219tept\u0103rile","datePublished":"2024-05-10T14:59:30+00:00","dateModified":"2024-06-03T14:03:22+00:00","mainEntityOfPage":{"@id":"https:\/\/reedact.com\/ro\/angajare\/angajatori-potentiali\/"},"wordCount":1460,"publisher":{"@id":"https:\/\/reedact.com\/ro\/#organization"},"image":{"@id":"https:\/\/reedact.com\/ro\/angajare\/angajatori-potentiali\/#primaryimage"},"thumbnailUrl":"https:\/\/reedact.com\/wp-content\/uploads\/2020\/08\/What-interviewers-expect-from-the-candidates_1200-cu-360V1.jpg","keywords":["What Interviewers Expect From The Candidates"],"articleSection":["Angajare"],"inLanguage":"ro-RO"},{"@type":"WebPage","@id":"https:\/\/reedact.com\/ro\/angajare\/angajatori-potentiali\/","url":"https:\/\/reedact.com\/ro\/angajare\/angajatori-potentiali\/","name":"Angajatori poten\u021biali: Ghid despre cum s\u0103 le \u00een\u021belegem a\u0219tept\u0103rile","isPartOf":{"@id":"https:\/\/reedact.com\/ro\/#website"},"primaryImageOfPage":{"@id":"https:\/\/reedact.com\/ro\/angajare\/angajatori-potentiali\/#primaryimage"},"image":{"@id":"https:\/\/reedact.com\/ro\/angajare\/angajatori-potentiali\/#primaryimage"},"thumbnailUrl":"https:\/\/reedact.com\/wp-content\/uploads\/2020\/08\/What-interviewers-expect-from-the-candidates_1200-cu-360V1.jpg","datePublished":"2024-05-10T14:59:30+00:00","dateModified":"2024-06-03T14:03:22+00:00","description":"Afl\u0103 cum s\u0103 \u00een\u021belegi a\u0219tept\u0103rile angajatorilor poten\u021biali, \u0219i preg\u0103te\u0219te-te pentru urm\u0103torul job, cu ajutorul ghidului nostru. \u2714","breadcrumb":{"@id":"https:\/\/reedact.com\/ro\/angajare\/angajatori-potentiali\/#breadcrumb"},"inLanguage":"ro-RO","potentialAction":[{"@type":"ReadAction","target":["https:\/\/reedact.com\/ro\/angajare\/angajatori-potentiali\/"]}]},{"@type":"ImageObject","inLanguage":"ro-RO","@id":"https:\/\/reedact.com\/ro\/angajare\/angajatori-potentiali\/#primaryimage","url":"https:\/\/reedact.com\/wp-content\/uploads\/2020\/08\/What-interviewers-expect-from-the-candidates_1200-cu-360V1.jpg","contentUrl":"https:\/\/reedact.com\/wp-content\/uploads\/2020\/08\/What-interviewers-expect-from-the-candidates_1200-cu-360V1.jpg","width":1200,"height":360,"caption":"What interviewers expect from the candidates_1200 cu 360V1"},{"@type":"BreadcrumbList","@id":"https:\/\/reedact.com\/ro\/angajare\/angajatori-potentiali\/#breadcrumb","itemListElement":[{"@type":"ListItem","position":1,"name":"Home","item":"https:\/\/reedact.com\/ro\/"},{"@type":"ListItem","position":2,"name":"Angajatori poten\u021biali: cum s\u0103 le gestion\u0103m a\u0219tept\u0103rile"}]},{"@type":"WebSite","@id":"https:\/\/reedact.com\/ro\/#website","url":"https:\/\/reedact.com\/ro\/","name":"Reedact","description":"CV-ul t\u0103u. Missiunea noastr\u0103.","publisher":{"@id":"https:\/\/reedact.com\/ro\/#organization"},"potentialAction":[{"@type":"SearchAction","target":{"@type":"EntryPoint","urlTemplate":"https:\/\/reedact.com\/ro\/?s={search_term_string}"},"query-input":{"@type":"PropertyValueSpecification","valueRequired":true,"valueName":"search_term_string"}}],"inLanguage":"ro-RO"},{"@type":"Organization","@id":"https:\/\/reedact.com\/ro\/#organization","name":"Reedact","url":"https:\/\/reedact.com\/ro\/","logo":{"@type":"ImageObject","inLanguage":"ro-RO","@id":"https:\/\/reedact.com\/ro\/#\/schema\/logo\/image\/","url":"https:\/\/reedact.com\/wp-content\/uploads\/2019\/11\/favicon-reedact-min.jpg","contentUrl":"https:\/\/reedact.com\/wp-content\/uploads\/2019\/11\/favicon-reedact-min.jpg","width":100,"height":85,"caption":"Reedact"},"image":{"@id":"https:\/\/reedact.com\/ro\/#\/schema\/logo\/image\/"},"sameAs":["https:\/\/www.facebook.com\/reedact\/"]},{"@type":"Person","@id":"https:\/\/reedact.com\/ro\/#\/schema\/person\/4677c88172d4fb7f2d00b0e619da9529","name":"Reedact","sameAs":["https:\/\/reedact.com\/"]}]}},"modified_by":"Reedact","_links":{"self":[{"href":"https:\/\/reedact.com\/ro\/wp-json\/wp\/v2\/posts\/6265"}],"collection":[{"href":"https:\/\/reedact.com\/ro\/wp-json\/wp\/v2\/posts"}],"about":[{"href":"https:\/\/reedact.com\/ro\/wp-json\/wp\/v2\/types\/post"}],"author":[{"embeddable":true,"href":"https:\/\/reedact.com\/ro\/wp-json\/wp\/v2\/users\/2"}],"replies":[{"embeddable":true,"href":"https:\/\/reedact.com\/ro\/wp-json\/wp\/v2\/comments?post=6265"}],"version-history":[{"count":3,"href":"https:\/\/reedact.com\/ro\/wp-json\/wp\/v2\/posts\/6265\/revisions"}],"predecessor-version":[{"id":11870,"href":"https:\/\/reedact.com\/ro\/wp-json\/wp\/v2\/posts\/6265\/revisions\/11870"}],"wp:featuredmedia":[{"embeddable":true,"href":"https:\/\/reedact.com\/ro\/wp-json\/wp\/v2\/media\/5635"}],"wp:attachment":[{"href":"https:\/\/reedact.com\/ro\/wp-json\/wp\/v2\/media?parent=6265"}],"wp:term":[{"taxonomy":"category","embeddable":true,"href":"https:\/\/reedact.com\/ro\/wp-json\/wp\/v2\/categories?post=6265"},{"taxonomy":"post_tag","embeddable":true,"href":"https:\/\/reedact.com\/ro\/wp-json\/wp\/v2\/tags?post=6265"}],"curies":[{"name":"wp","href":"https:\/\/api.w.org\/{rel}","templated":true}]}}